{"id":72,"date":"2022-09-11T20:18:11","date_gmt":"2022-09-11T18:18:11","guid":{"rendered":"https:\/\/depold.cz\/?p=72"},"modified":"2023-02-23T09:40:04","modified_gmt":"2023-02-23T08:40:04","slug":"archeologicke-nalezy-v-kanicich-a-okoli","status":"publish","type":"post","link":"https:\/\/depold.cz\/index.php\/2022\/09\/11\/archeologicke-nalezy-v-kanicich-a-okoli\/","title":{"rendered":"Archeologick\u00e9 n\u00e1lezy v Kanic\u00edch a okol\u00ed"},"content":{"rendered":"\n<p>V sobotu 17. 9. v 15:00 prob\u011bhne na z\u00e1mku Depold archeologick\u00e1 p\u0159edn\u00e1\u0161ka o nejen nejnov\u011bj\u0161\u00edch archeologick\u00fdch n\u00e1lezech v Kanic\u00edch a okol\u00ed. P\u0159edn\u00e1\u0161ej\u00edc\u00edm bude Mgr. Tom\u00e1\u0161 Ma\u0159\u00edk z Muzeum Chodska v Doma\u017elic\u00edch. <\/p>\n\n\n\n<p>Z\u00e1rove\u0148 jsou na z\u00e1mku cel\u00fd v\u00edkend zp\u0159\u00edstupn\u011bn\u00e9 v\u00fdstavy O\u017eiven\u00e9 pohrani\u010d\u00ed, Ztracen\u00e9 Sudety, a v\u00fdstava d\u011btsk\u00fdch maleb z\u00e1mku. Otev\u00edrac\u00ed doba v\u00fdstav je n\u00e1sleduj\u00edc\u00ed: <\/p>\n\n\n\n<p><\/p>\n\n\n\n<ul class=\"wp-block-list\"><li>P\u00e1tek 16. 9. od 14:00 do 19:00<\/li><li>Sobota 17. 9. od 10:00 do 19:00<\/li><li>Ned\u011ble 18. 9. od 11:00 do 18:00<\/li><\/ul>\n\n\n\n<figure class=\"wp-block-image size-large\"><img loading=\"lazy\" decoding=\"async\" width=\"724\" height=\"1024\" src=\"https:\/\/depold.cz\/wp-content\/uploads\/2022\/09\/archeologie_prednaska-724x1024.png\" alt=\"\" class=\"wp-image-73\" srcset=\"https:\/\/depold.cz\/wp-content\/uploads\/2022\/09\/archeologie_prednaska-724x1024.png 724w, https:\/\/depold.cz\/wp-content\/uploads\/2022\/09\/archeologie_prednaska-212x300.png 212w, https:\/\/depold.cz\/wp-content\/uploads\/2022\/09\/archeologie_prednaska-768x1086.png 768w, https:\/\/depold.cz\/wp-content\/uploads\/2022\/09\/archeologie_prednaska.png 794w\" sizes=\"auto, (max-width: 724px) 100vw, 724px\" \/><\/figure>\n","protected":false},"excerpt":{"rendered":"<p>V sobotu 17. 9. v 15:00 prob\u011bhne na z\u00e1mku Depold archeologick\u00e1 p\u0159edn\u00e1\u0161ka o nejen nejnov\u011bj\u0161\u00edch archeologick\u00fdch n\u00e1lezech v Kanic\u00edch a okol\u00ed. P\u0159edn\u00e1\u0161ej\u00edc\u00edm bude Mgr. Tom\u00e1\u0161 Ma\u0159\u00edk z Muzeum Chodska v Doma\u017elic\u00edch. Z\u00e1rove\u0148 jsou na z\u00e1mku cel\u00fd v\u00edkend zp\u0159\u00edstupn\u011bn\u00e9 v\u00fdstavy O\u017eiven\u00e9 pohrani\u010d\u00ed, Ztracen\u00e9 Sudety, a v\u00fdstava d\u011btsk\u00fdch maleb z\u00e1mku. Otev\u00edrac\u00ed doba [&hellip;]<\/p>\n","protected":false},"author":2,"featured_media":74,"comment_status":"open","ping_status":"open","sticky":false,"template":"","format":"standard","meta":{"footnotes":""},"categories":[5],"tags":[],"class_list":["post-72","post","type-post","status-publish","format-standard","has-post-thumbnail","hentry","category-akce"],"_links":{"self":[{"href":"https:\/\/depold.cz\/index.php\/wp-json\/wp\/v2\/posts\/72","targetHints":{"allow":["GET"]}}],"collection":[{"href":"https:\/\/depold.cz\/index.php\/wp-json\/wp\/v2\/posts"}],"about":[{"href":"https:\/\/depold.cz\/index.php\/wp-json\/wp\/v2\/types\/post"}],"author":[{"embeddable":true,"href":"https:\/\/depold.cz\/index.php\/wp-json\/wp\/v2\/users\/2"}],"replies":[{"embeddable":true,"href":"https:\/\/depold.cz\/index.php\/wp-json\/wp\/v2\/comments?post=72"}],"version-history":[{"count":3,"href":"https:\/\/depold.cz\/index.php\/wp-json\/wp\/v2\/posts\/72\/revisions"}],"predecessor-version":[{"id":78,"href":"https:\/\/depold.cz\/index.php\/wp-json\/wp\/v2\/posts\/72\/revisions\/78"}],"wp:featuredmedia":[{"embeddable":true,"href":"https:\/\/depold.cz\/index.php\/wp-json\/wp\/v2\/media\/74"}],"wp:attachment":[{"href":"https:\/\/depold.cz\/index.php\/wp-json\/wp\/v2\/media?parent=72"}],"wp:term":[{"taxonomy":"category","embeddable":true,"href":"https:\/\/depold.cz\/index.php\/wp-json\/wp\/v2\/categories?post=72"},{"taxonomy":"post_tag","embeddable":true,"href":"https:\/\/depold.cz\/index.php\/wp-json\/wp\/v2\/tags?post=72"}],"curies":[{"name":"wp","href":"https:\/\/api.w.org\/{rel}","templated":true}]}}