{"id":95,"date":"2023-02-26T20:50:49","date_gmt":"2023-02-26T19:50:49","guid":{"rendered":"https:\/\/depold.cz\/?p=95"},"modified":"2023-04-24T11:51:31","modified_gmt":"2023-04-24T09:51:31","slug":"tabor-po-stopach-kmene-algonkinu","status":"publish","type":"post","link":"https:\/\/depold.cz\/index.php\/2023\/02\/26\/tabor-po-stopach-kmene-algonkinu\/","title":{"rendered":"T\u00e1bor Po stop\u00e1ch kmene Algonkin\u016f"},"content":{"rendered":"\n<p>Po lo\u0148sk\u00e9m \u00fasp\u011b\u0161n\u00e9m p\u0159\u00edm\u011bstsk\u00e9m t\u00e1bo\u0159e jsme se rozhodli i letos na z\u00e1mku Depold uspo\u0159\u00e1dat d\u011btsk\u00fd t\u00e1bor, tentokr\u00e1t u\u017e plnohodnotn\u00fd t\u00e1bor s p\u0159esp\u00e1v\u00e1n\u00edm. T\u00e1bor je ur\u010den pro d\u011bti od ukon\u010den\u00e9 1. do 9. t\u0159\u00eddy Z\u0160 a po\u0159\u00e1d\u00e1 se 7. &#8211; 12. srpna 2023 v Kanic\u00edch (okr. Doma\u017elice). P\u0159\u00edjezd d\u011bt\u00ed do Kanic je pot\u0159eba zajistit do pond\u011bln\u00edho ob\u011bda, v p\u0159\u00edpad\u011b pot\u0159eby je mo\u017en\u00e9 d\u011bti p\u0159iv\u00e9zt u\u017e v ned\u011bli ve\u010der. <\/p>\n\n\n\n<p>Cena t\u00e1bora p\u0159i p\u0159ihl\u00e1\u0161en\u00ed do konce kv\u011btna 2023 \u010din\u00ed 1800 K\u010d, p\u0159i pozd\u011bj\u0161\u00edm p\u0159ihl\u00e1\u0161en\u00ed se cena zvy\u0161uje na 2100 K\u010d. Pro sourozence nab\u00edz\u00edme slevu 10 %.&nbsp;<\/p>\n\n\n\n<p>M\u016f\u017eete se t\u011b\u0161it na \u017eivot v p\u0159\u00edrod\u011b, t\u00e1bornick\u00e9 a indi\u00e1nsk\u00e9 dovednosti, hry, sport, v\u00fdlety do okol\u00ed a dal\u0161\u00ed z\u00e1\u017eitky. Cel\u00fd t\u00fdden n\u00e1s bude prov\u00e1zet p\u0159\u00edb\u011bh indi\u00e1nsk\u00e9 princezny z kmene Algonkin\u016f a n\u011bkter\u00e9 programy budou zalo\u017eeny tak\u00e9 na biblick\u00fdch p\u0159\u00edb\u011bz\u00edch. P\u0159esp\u00e1vat budeme v budov\u011b (v t\u00e1borov\u00fdch podm\u00ednk\u00e1ch) v postel\u00edch nebo na matrac\u00edch ve vlastn\u00edm spac\u00e1ku. Strava bude zaji\u0161t\u011bn\u00e1 po celou dobu 5x denn\u011b osv\u011bd\u010den\u00fdm kucha\u0159sk\u00fdm t\u00fdmem. M\u016f\u017eete se setkat se star\u00fdmi kamar\u00e1dy, poznat nov\u00e9 a tak\u00e9 v\u00edc poznat Boha. <\/p>\n\n\n\n<p>P\u0159ihl\u00e1\u0161ku na t\u00e1bor najdete zde: <a href=\"https:\/\/forms.gle\/SJW92ByeHohUwKp19\">https:\/\/forms.gle\/SJW92ByeHohUwKp19<\/a>. <\/p>\n\n\n\n<p>P\u0159ihl\u00e1\u0161ka je z\u00e1vazn\u00e1 a\u017e po zaplacen\u00ed z\u00e1lohy 500 k\u010d na \u00fa\u010det 2401148603\/2010, do zpr\u00e1vy pro p\u0159\u00edjemce, pros\u00edm, uve\u010fte jm\u00e9no d\u00edt\u011bte. Celou cenu je nutn\u00e9 uhradit do konce \u010dervence na stejn\u00fd \u00fa\u010det.&nbsp;V p\u0159\u00edpad\u011b odhl\u00e1\u0161en\u00ed d\u00edt\u011bte po 31. 7. 2023 je \u00fa\u010dtov\u00e1n storno poplatek 500 k\u010d, p\u0159i d\u0159\u00edv\u011bj\u0161\u00edm odhl\u00e1\u0161en\u00ed se zaplacen\u00e9 \u00fa\u010dastnick\u00e9 poplatky vrac\u00ed v cel\u00e9 v\u00fd\u0161i.&nbsp;<\/p>\n\n\n\n<p>Bli\u017e\u0161\u00ed informace budou p\u0159ihl\u00e1\u0161en\u00fdm v\u010das rozesl\u00e1ny na e-mailovou adresu z p\u0159ihl\u00e1\u0161ky. <\/p>\n\n\n\n<p>P\u0159\u00edpadn\u00e9 dotazy sm\u011b\u0159ujte na Danu Pohankovou, tel.: 737 660 399, e-mail: dana.pohankova@seznam.cz. T\u00e1bor po\u0159\u00e1d\u00e1 Kani\u010dka, z.s.<\/p>\n\n\n\n<figure class=\"wp-block-image size-large\"><img loading=\"lazy\" decoding=\"async\" width=\"724\" height=\"1024\" src=\"http:\/\/depold.cz\/wp-content\/uploads\/2023\/02\/tabor_Algonkini_pozvanka-724x1024.png\" alt=\"\" class=\"wp-image-97\" srcset=\"https:\/\/depold.cz\/wp-content\/uploads\/2023\/02\/tabor_Algonkini_pozvanka-724x1024.png 724w, https:\/\/depold.cz\/wp-content\/uploads\/2023\/02\/tabor_Algonkini_pozvanka-212x300.png 212w, https:\/\/depold.cz\/wp-content\/uploads\/2023\/02\/tabor_Algonkini_pozvanka-768x1086.png 768w, https:\/\/depold.cz\/wp-content\/uploads\/2023\/02\/tabor_Algonkini_pozvanka.png 794w\" sizes=\"auto, (max-width: 724px) 100vw, 724px\" \/><\/figure>\n\n\n\n<p><\/p>\n\n\n\n<p><\/p>\n","protected":false},"excerpt":{"rendered":"<p>Po lo\u0148sk\u00e9m \u00fasp\u011b\u0161n\u00e9m p\u0159\u00edm\u011bstsk\u00e9m t\u00e1bo\u0159e jsme se rozhodli i letos na z\u00e1mku Depold uspo\u0159\u00e1dat d\u011btsk\u00fd t\u00e1bor, tentokr\u00e1t u\u017e plnohodnotn\u00fd t\u00e1bor s p\u0159esp\u00e1v\u00e1n\u00edm. T\u00e1bor je ur\u010den pro d\u011bti od ukon\u010den\u00e9 1. do 9. t\u0159\u00eddy Z\u0160 a po\u0159\u00e1d\u00e1 se 7. &#8211; 12. srpna 2023 v Kanic\u00edch (okr. Doma\u017elice). P\u0159\u00edjezd d\u011bt\u00ed do Kanic [&hellip;]<\/p>\n","protected":false},"author":2,"featured_media":100,"comment_status":"open","ping_status":"open","sticky":false,"template":"","format":"standard","meta":{"footnotes":""},"categories":[5],"tags":[],"class_list":["post-95","post","type-post","status-publish","format-standard","has-post-thumbnail","hentry","category-akce"],"_links":{"self":[{"href":"https:\/\/depold.cz\/index.php\/wp-json\/wp\/v2\/posts\/95","targetHints":{"allow":["GET"]}}],"collection":[{"href":"https:\/\/depold.cz\/index.php\/wp-json\/wp\/v2\/posts"}],"about":[{"href":"https:\/\/depold.cz\/index.php\/wp-json\/wp\/v2\/types\/post"}],"author":[{"embeddable":true,"href":"https:\/\/depold.cz\/index.php\/wp-json\/wp\/v2\/users\/2"}],"replies":[{"embeddable":true,"href":"https:\/\/depold.cz\/index.php\/wp-json\/wp\/v2\/comments?post=95"}],"version-history":[{"count":8,"href":"https:\/\/depold.cz\/index.php\/wp-json\/wp\/v2\/posts\/95\/revisions"}],"predecessor-version":[{"id":139,"href":"https:\/\/depold.cz\/index.php\/wp-json\/wp\/v2\/posts\/95\/revisions\/139"}],"wp:featuredmedia":[{"embeddable":true,"href":"https:\/\/depold.cz\/index.php\/wp-json\/wp\/v2\/media\/100"}],"wp:attachment":[{"href":"https:\/\/depold.cz\/index.php\/wp-json\/wp\/v2\/media?parent=95"}],"wp:term":[{"taxonomy":"category","embeddable":true,"href":"https:\/\/depold.cz\/index.php\/wp-json\/wp\/v2\/categories?post=95"},{"taxonomy":"post_tag","embeddable":true,"href":"https:\/\/depold.cz\/index.php\/wp-json\/wp\/v2\/tags?post=95"}],"curies":[{"name":"wp","href":"https:\/\/api.w.org\/{rel}","templated":true}]}}